[{"@context":"https:\/\/schema.org\/","@type":"Article","@id":"https:\/\/www.bocnice.cz\/velky-den-si-zada-velkou-robu\/#Article","mainEntityOfPage":"https:\/\/www.bocnice.cz\/velky-den-si-zada-velkou-robu\/","headline":"Velk\u00fd den si \u017e\u00e1d\u00e1 velkou r\u00f3bu","name":"Velk\u00fd den si \u017e\u00e1d\u00e1 velkou r\u00f3bu","description":"Svatba je ud\u00e1lost, kterou m\u00e1lokter\u00e1 \u017eena odbude v oblasti oble\u010den\u00ed. I kdy\u017e nap\u0159\u00edklad omez\u00ed po\u010det &hellip; ","datePublished":"2019-09-15","dateModified":"2023-06-08","author":{"@type":"Person","@id":"https:\/\/www.bocnice.cz\/author\/#Person","name":"","url":"https:\/\/www.bocnice.cz\/author\/","identifier":1,"image":{"@type":"ImageObject","@id":"https:\/\/secure.gravatar.com\/avatar\/55e7fbc61e9322b6822dac9bb7a03f27da3135fab89e5bb0463eeaffc32ea652?s=96&d=mm&r=g","url":"https:\/\/secure.gravatar.com\/avatar\/55e7fbc61e9322b6822dac9bb7a03f27da3135fab89e5bb0463eeaffc32ea652?s=96&d=mm&r=g","height":96,"width":96}},"publisher":{"@type":"Organization","name":"bocnice.cz","logo":{"@type":"ImageObject","@id":"\/logo.png","url":"\/logo.png","width":600,"height":60}},"image":{"@type":"ImageObject","@id":"https:\/\/www.bocnice.cz\/wp-content\/uploads\/img_a362348_w1794_t1575459030.jpg","url":"https:\/\/www.bocnice.cz\/wp-content\/uploads\/img_a362348_w1794_t1575459030.jpg","height":0,"width":0},"url":"https:\/\/www.bocnice.cz\/velky-den-si-zada-velkou-robu\/","about":["IT"],"wordCount":407,"articleBody":"      Svatba je ud\u00e1lost, kterou m\u00e1lokter\u00e1 \u017eena odbude v oblasti oble\u010den\u00ed. I kdy\u017e nap\u0159\u00edklad omez\u00ed po\u010det host\u016f, na \u0161atech obvykle ne\u0161et\u0159\u00ed, proto\u017ee obl\u00e9ci si r\u00f3bu tohoto typu m\u00e1 ve v\u011bt\u0161in\u011b p\u0159\u00edpad\u016f mo\u017enost pr\u00e1v\u011b jednou. Pro\u010d si tedy tento kr\u00e1sn\u00fd okam\u017eik dostate\u010dn\u011b nepro\u017e\u00edt nap\u0159\u00edklad ve svatebn\u00edch \u0161atech Praha, kter\u00e9 jsou jedine\u010dn\u00e9 sv\u00fdmi pou\u017eit\u00fdmi materi\u00e1ly a tak\u00e9 st\u0159ihy, poch\u00e1zej\u00edc\u00ed ze zn\u00e1m\u00e9 \u010desko-francouzsk\u00e9 zna\u010dky. V na\u0161em salonu objev\u00edte modely r\u016fzn\u00fdch st\u0159ih\u016f. Od rozevl\u00e1t\u00fdch bohat\u00fdch sukn\u00ed, upnut\u00fdch sexy sukn\u00ed s rozparky, a\u017e po uvoln\u011bn\u00fd boho styl. Tot\u00e9\u017e plat\u00ed o \u017eiv\u016ftc\u00edch bez ruk\u00e1v\u016f, s \u00fazk\u00fdmi ram\u00ednky, nebo kr\u00e1tk\u00fdm, \u010di dlouh\u00fdm ruk\u00e1vem. Tato zna\u010dka se zam\u011b\u0159uje na vyzdvihnut\u00ed \u017eenskosti a k\u0159ehk\u00e9 kr\u00e1sy za pou\u017eit\u00ed n\u00e1dhern\u00fdch krajek, l\u00e1tkov\u00fdch knofl\u00ed\u010dk\u016f i t\u0159pytiv\u00fdch kam\u00ednk\u016f. To v\u0161e je pou\u017eito s velk\u00fdm citem a v p\u0159im\u011b\u0159en\u00e9m mno\u017estv\u00ed takov\u00fdm zp\u016fsobem, aby modely st\u00e1le z\u016fst\u00e1valy na \u00farovni dokonal\u00e9ho vkusu i elegance. Na\u0161e svatebn\u00ed \u0161aty Prahasi zamilujete na prvn\u00ed pohled u\u017e p\u0159i vstupu do salonu, proto\u017ee jsou skute\u010dn\u011b p\u0159\u00edmo snov\u00e9 a jakoby navr\u017een\u00e9 p\u0159\u00edmo pro v\u00edly, princezny a kr\u00e1lovny! Samoz\u0159ejm\u011b nezapom\u00edn\u00e1me ani d\u00e1my, kter\u00e9 cht\u011bj\u00ed p\u016fsobit pro sv\u00e9ho nast\u00e1vaj\u00edc\u00edho sexy a neodolateln\u011b. Pro n\u011b maj\u00edsvatebn\u00ed \u0161aty Praha, p\u0159ipravenymodely s \u00fazk\u00fdmi sukn\u011bmi ve stylu rybi\u010dka a mo\u0159sk\u00e1 panna s korzety dopln\u011bn\u00fdmi hlubok\u00fdm dekoltem. Obavy z ne\u00fasp\u011bchu nemus\u00ed m\u00edt ani korpulentn\u00ed d\u00e1my, kter\u00e9 pot\u011b\u0161\u00edme velk\u00fdmi velikostmi, je\u017e je mo\u017eno dle pot\u0159eby tak\u00e9 krej\u010dovsky upravit. Vejd\u011bte do sv\u011bta sat\u00e9nu, tylu, krajek a \u0161ifonu a nechte se h\u00fd\u010dkat na\u0161imi odborn\u00fdmi stylistkami, kter\u00e9 porad\u00ed p\u0159i va\u0161\u00ed nerozhodnosti, jak\u00fd typ a barva \u0161at\u016f nejl\u00e9pe lad\u00ed s va\u0161\u00ed postavou, ple\u0165, vlasy a barvou o\u010d\u00ed. Sv\u011b\u0159te se se sv\u00fdmi p\u0159\u00e1n\u00edmi profesion\u00e1l\u016fm, kte\u0159\u00ed se v t\u00e9to oblasti od\u00edv\u00e1n\u00ed vyznaj\u00ed a pomohou v\u00e1m b\u00fdt skute\u010dn\u011b dokonalou nev\u011bstou.                                                                                                                                                                                                                                                                                                                                                                                          4.2\/5 - (10 votes)        "},{"@context":"https:\/\/schema.org\/","@type":"BreadcrumbList","itemListElement":[{"@type":"ListItem","position":1,"name":"Velk\u00fd den si \u017e\u00e1d\u00e1 velkou r\u00f3bu","item":"https:\/\/www.bocnice.cz\/velky-den-si-zada-velkou-robu\/#breadcrumbitem"}]}]