[{"@context":"https:\/\/schema.org\/","@type":"Article","@id":"https:\/\/www.bocnice.cz\/se-zateplenou-fasadou-jde-vsechno-hned-lepe\/#Article","mainEntityOfPage":"https:\/\/www.bocnice.cz\/se-zateplenou-fasadou-jde-vsechno-hned-lepe\/","headline":"Se zateplenou fas\u00e1dou jde v\u0161echno hned l\u00e9pe","name":"Se zateplenou fas\u00e1dou jde v\u0161echno hned l\u00e9pe","description":"Nem\u016f\u017eete ve sv\u00e9m dom\u011b vydr\u017eet ve v\u011bt\u0161\u00edch vedrech ale tak\u00e9 v\u011bt\u0161\u00edch mrazech? Je v\u00e1m tam &hellip; ","datePublished":"2023-09-19","dateModified":"2023-09-19","author":{"@type":"Person","@id":"https:\/\/www.bocnice.cz\/author\/#Person","name":"","url":"https:\/\/www.bocnice.cz\/author\/","identifier":1,"image":{"@type":"ImageObject","@id":"https:\/\/secure.gravatar.com\/avatar\/55e7fbc61e9322b6822dac9bb7a03f27da3135fab89e5bb0463eeaffc32ea652?s=96&d=mm&r=g","url":"https:\/\/secure.gravatar.com\/avatar\/55e7fbc61e9322b6822dac9bb7a03f27da3135fab89e5bb0463eeaffc32ea652?s=96&d=mm&r=g","height":96,"width":96}},"publisher":{"@type":"Organization","name":"bocnice.cz","logo":{"@type":"ImageObject","@id":"\/logo.png","url":"\/logo.png","width":600,"height":60}},"url":"https:\/\/www.bocnice.cz\/se-zateplenou-fasadou-jde-vsechno-hned-lepe\/","wordCount":255,"articleBody":"Nem\u016f\u017eete ve sv\u00e9m dom\u011b vydr\u017eet ve v\u011bt\u0161\u00edch vedrech ale tak\u00e9 v\u011bt\u0161\u00edch mrazech? Je v\u00e1m tam v\u017edy v t\u011bchto obdob\u00ed nep\u0159\u00edjemn\u011b, a to natolik, \u017ee v\u017edy jdete n\u011bkam jinak? Jestli\u017ee ano, pak je n\u011bco velmi \u0161patn\u011b. V\u011b\u0159te v\u0161ak, \u017ee tuto neblahou situaci m\u016f\u017eete vy\u0159e\u0161it za pomoc\u00ed zateplen\u00ed fas\u00e1dy. Pokud byste cht\u011bli tuto z\u00e1le\u017eitost vyzkou\u0161et i vy, pak se m\u016f\u017eete t\u011b\u0161it na efektivn\u00ed investici, kterou ihned ocen\u00edte, a to zvl\u00e1\u0161t\u011b v extr\u00e9mn\u011bj\u0161\u00edch podm\u00ednk\u00e1ch, jako jsou v\u011bt\u0161\u00ed horka a mrazy. P\u0159esv\u011bd\u010dte se o t\u00e9to skute\u010dn\u011b tak\u00e9 a uvid\u00edte, \u017ee nebudete litovat, ba naopak.Osv\u011bd\u010den\u00e1 z\u00e1le\u017eitost, kter\u00e1 m\u00e1 sv\u016fj v\u00fdznamPokud tedy m\u00e1te z\u00e1jem o vysoce kvalitn\u00ed \u00fapravu, kter\u00e1 v ka\u017ed\u00e9m p\u0159\u00edpad\u011b stoj\u00ed za to, m\u016f\u017eete si b\u00fdt jisti, \u017ee investice se v\u00e1m bude zd\u00e1t po n\u011bkolika m\u011bs\u00edc\u00edch po vyu\u017e\u00edv\u00e1n\u00ed t\u00e9to \u00fapravy zanedbateln\u00e1. Uvid\u00edte, \u017ee se celkov\u00e9 pocity ve va\u0161em domovu budou l\u00edbit o mnoho v\u00edce, stejn\u011b jako ostatn\u00edm \u010dlen\u016fm rodiny, kte\u0159\u00ed si se stoprocentn\u00ed jistotou v\u0161imnou, \u017ee na va\u0161em dom\u011b je n\u011bco nov\u00e9ho. Sou\u010dasn\u011b s touto \u00fapravou si budete moci zvolit tak\u00e9 novou barvu, kterou budou m\u00edt zdi va\u0161eho domu.                                                                                                                                                                                                                                                                                                                                                                                        4.1\/5 - (12 votes)        "},{"@context":"https:\/\/schema.org\/","@type":"BreadcrumbList","itemListElement":[{"@type":"ListItem","position":1,"name":"Se zateplenou fas\u00e1dou jde v\u0161echno hned l\u00e9pe","item":"https:\/\/www.bocnice.cz\/se-zateplenou-fasadou-jde-vsechno-hned-lepe\/#breadcrumbitem"}]}]