[{"@context":"https:\/\/schema.org\/","@type":"Article","@id":"https:\/\/www.bocnice.cz\/pronajem-chata\/#Article","mainEntityOfPage":"https:\/\/www.bocnice.cz\/pronajem-chata\/","headline":"Pron\u00e1jem chata","name":"Pron\u00e1jem chata","description":"M\u00e1te v pl\u00e1nu vyrazit si na v\u00edkend, dovolenou, nebo oslavu n\u011bkam do p\u0159\u00edrody? Chcete se &hellip; ","datePublished":"2025-01-09","dateModified":"2025-01-09","author":{"@type":"Person","@id":"https:\/\/www.bocnice.cz\/author\/#Person","name":"","url":"https:\/\/www.bocnice.cz\/author\/","identifier":1,"image":{"@type":"ImageObject","@id":"https:\/\/secure.gravatar.com\/avatar\/55e7fbc61e9322b6822dac9bb7a03f27da3135fab89e5bb0463eeaffc32ea652?s=96&d=mm&r=g","url":"https:\/\/secure.gravatar.com\/avatar\/55e7fbc61e9322b6822dac9bb7a03f27da3135fab89e5bb0463eeaffc32ea652?s=96&d=mm&r=g","height":96,"width":96}},"publisher":{"@type":"Organization","name":"bocnice.cz","logo":{"@type":"ImageObject","@id":"\/logo.png","url":"\/logo.png","width":600,"height":60}},"url":"https:\/\/www.bocnice.cz\/pronajem-chata\/","wordCount":178,"articleBody":" M\u00e1te v pl\u00e1nu vyrazit si na v\u00edkend, dovolenou, nebo oslavu n\u011bkam do p\u0159\u00edrody? Chcete se ubytovat v soukrom\u00ed? R\u00e1di v\u00e1m porad\u00edme a pom\u016f\u017eeme vybrat to spr\u00e1vn\u00e9 m\u00edsto, nab\u00edz\u00edme pron\u00e1jem chata po cel\u00e9 \u010cesk\u00e9 republice, ur\u010dit\u011b si vybere ka\u017ed\u00fd z v\u00e1s. Pron\u00e1jem chata vyb\u00edr\u00e1me klientovi na m\u00edru. M\u00e1me velk\u00e9 mno\u017estv\u00ed chat v nab\u00eddce a v\u011bt\u0161inou jsme v\u0161echny z nich vid\u011bli na vlastn\u00ed o\u010di a tak velmi dob\u0159e v\u00edme, co nab\u00edz\u00edme. Klient\u016fm tak m\u016f\u017eeme poradit a d\u00e1t o objektu vy\u010derp\u00e1vaj\u00edc\u00ed informace. Ubytujte se podle sv\u00e9hoPron\u00e1jem chata si m\u016f\u017eete vybrat v r\u016fzn\u00fdch kraj\u00edch na\u0161\u00ed republiky. Rozd\u011blili jsme pro v\u00e1s \u00fazem\u00ed do 17 oblast\u00ed, kter\u00e9 svou kr\u00e1sou p\u0159\u00edmo l\u00e1kaj\u00ed turisty,horolezce, milovn\u00edky historick\u00fdch pam\u00e1tek, sportu, v\u00edna, odpo\u010dinku apod. Nab\u00edz\u00edme nejlep\u0161\u00ed ceny na trhu.                                                                                                                                                                                                                                                                                                                                                                                        3.7\/5 - (4 votes)        "},{"@context":"https:\/\/schema.org\/","@type":"BreadcrumbList","itemListElement":[{"@type":"ListItem","position":1,"name":"Pron\u00e1jem chata","item":"https:\/\/www.bocnice.cz\/pronajem-chata\/#breadcrumbitem"}]}]