[{"@context":"https:\/\/schema.org\/","@type":"Article","@id":"https:\/\/www.bocnice.cz\/profesionalem-na-vyskove-prace-je-firma-petr-kubec\/#Article","mainEntityOfPage":"https:\/\/www.bocnice.cz\/profesionalem-na-vyskove-prace-je-firma-petr-kubec\/","headline":"Profesion\u00e1lem na v\u00fd\u0161kov\u00e9 pr\u00e1ce je firma Petr Kubec","name":"Profesion\u00e1lem na v\u00fd\u0161kov\u00e9 pr\u00e1ce je firma Petr Kubec","description":"Pot\u0159ebujete opravit fas\u00e1du? Nebo ji nat\u0159\u00edt? Nebo v\u00e1s snad obt\u011b\u017euj\u00ed holubi, kte\u0159\u00ed neust\u00e1le zne\u010di\u0161\u0165uj\u00ed va\u0161e &hellip; ","datePublished":"2024-10-17","dateModified":"2024-10-17","author":{"@type":"Person","@id":"https:\/\/www.bocnice.cz\/author\/#Person","name":"","url":"https:\/\/www.bocnice.cz\/author\/","identifier":1,"image":{"@type":"ImageObject","@id":"https:\/\/secure.gravatar.com\/avatar\/55e7fbc61e9322b6822dac9bb7a03f27da3135fab89e5bb0463eeaffc32ea652?s=96&d=mm&r=g","url":"https:\/\/secure.gravatar.com\/avatar\/55e7fbc61e9322b6822dac9bb7a03f27da3135fab89e5bb0463eeaffc32ea652?s=96&d=mm&r=g","height":96,"width":96}},"publisher":{"@type":"Organization","name":"bocnice.cz","logo":{"@type":"ImageObject","@id":"\/logo.png","url":"\/logo.png","width":600,"height":60}},"url":"https:\/\/www.bocnice.cz\/profesionalem-na-vyskove-prace-je-firma-petr-kubec\/","wordCount":238,"articleBody":"Pot\u0159ebujete opravit fas\u00e1du? Nebo ji nat\u0159\u00edt? Nebo v\u00e1s snad obt\u011b\u017euj\u00ed holubi, kte\u0159\u00ed neust\u00e1le zne\u010di\u0161\u0165uj\u00ed va\u0161e domy nebo jin\u00e9 objekty? Nev\u00edte, jak si se v\u0161emi t\u011bmito probl\u00e9my poradit, proto\u017ee nem\u00e1te dostatek \u010dasu nebo t\u0159eba odvahy l\u00e9zt do vysok\u00fdch v\u00fd\u0161ek? Porad\u00edme v\u00e1m! Kontaktujte na\u0161i pra\u017eskou spole\u010dnost, kter\u00e1 je p\u0159\u00edmo odborn\u00edkem na tyto a dal\u0161\u00ed v\u00fd\u0161kov\u00e9 pr\u00e1ce! Uvid\u00edte, \u017ee s n\u00e1mi budete spokojeni. Zam\u011b\u0159ujeme se na dv\u011b ji\u017e zm\u00edn\u011bn\u00e9 slu\u017eby a d\u00e1le prov\u00e1d\u00edme o\u0161et\u0159ov\u00e1n\u00ed panelov\u00fdch sp\u00e1r, zaskl\u00edv\u00e1n\u00ed oken, odstra\u0148ov\u00e1n\u00ed grafity a dal\u0161\u00ed v\u00fd\u0161kov\u00e9 pr\u00e1ce podle p\u0159\u00e1n\u00ed v\u00e1s, na\u0161ich z\u00e1kazn\u00edk\u016f.Mnoho zku\u0161enost\u00ed a profesionalita na\u0161ich slu\u017eebNa\u0161e slu\u017eby jsou opravdu na profesion\u00e1ln\u00ed \u00farovni, za co\u017e samoz\u0159ejm\u011b mohou na\u0161i odborn\u00ed pracovn\u00edci, kvalitn\u00ed a spolehliv\u00e9 vybaven\u00ed, kter\u00e9 p\u0159i pr\u00e1ci pou\u017e\u00edv\u00e1me. Rovn\u011b\u017e se k na\u0161im \u00fasp\u011bch\u016fm a skv\u011bl\u00fdm referenc\u00edm p\u0159i\u010dinilo i to, \u017ee se na trhu pohybujeme ji\u017e od roku 1990 a v\u00fd\u0161kov\u00e9 pr\u00e1ce n\u00e1s velice bav\u00ed! Pokud tedy sh\u00e1n\u00edte profesion\u00e1ln\u00ed firmu plnou odborn\u00edk\u016f, nev\u00e1hejte kontaktovat na\u0161i pra\u017eskou spole\u010dnost.                                                                                                                                                                                                                                                                                                                                                                                        4.4\/5 - (5 votes)        "},{"@context":"https:\/\/schema.org\/","@type":"BreadcrumbList","itemListElement":[{"@type":"ListItem","position":1,"name":"Profesion\u00e1lem na v\u00fd\u0161kov\u00e9 pr\u00e1ce je firma Petr Kubec","item":"https:\/\/www.bocnice.cz\/profesionalem-na-vyskove-prace-je-firma-petr-kubec\/#breadcrumbitem"}]}]