[{"@context":"https:\/\/schema.org\/","@type":"Article","@id":"https:\/\/www.bocnice.cz\/novy-trend\/#Article","mainEntityOfPage":"https:\/\/www.bocnice.cz\/novy-trend\/","headline":"Nov\u00fd trend","name":"Nov\u00fd trend","description":"Ve sv\u011bt\u011b realit se pohybuji u\u017e n\u011bjakou dobu. Trouf\u00e1m si \u0159\u00edci, \u017ee jsem profesion\u00e1lka a &hellip; ","datePublished":"2025-01-03","dateModified":"2025-01-03","author":{"@type":"Person","@id":"https:\/\/www.bocnice.cz\/author\/#Person","name":"","url":"https:\/\/www.bocnice.cz\/author\/","identifier":1,"image":{"@type":"ImageObject","@id":"https:\/\/secure.gravatar.com\/avatar\/55e7fbc61e9322b6822dac9bb7a03f27da3135fab89e5bb0463eeaffc32ea652?s=96&d=mm&r=g","url":"https:\/\/secure.gravatar.com\/avatar\/55e7fbc61e9322b6822dac9bb7a03f27da3135fab89e5bb0463eeaffc32ea652?s=96&d=mm&r=g","height":96,"width":96}},"publisher":{"@type":"Organization","name":"bocnice.cz","logo":{"@type":"ImageObject","@id":"\/logo.png","url":"\/logo.png","width":600,"height":60}},"url":"https:\/\/www.bocnice.cz\/novy-trend\/","wordCount":204,"articleBody":" Ve sv\u011bt\u011b realit se pohybuji u\u017e n\u011bjakou dobu. Trouf\u00e1m si \u0159\u00edci, \u017ee jsem profesion\u00e1lka a m\u00e9 jm\u00e9no u\u017e m\u00e1 zvuk. V posledn\u00ed dob\u011b zaznamen\u00e1v\u00e1m, \u017ee lid\u00e9 hodn\u011b hledaj\u00ed byty, kter\u00e9 jsou ji\u017e pln\u011b za\u0159\u00edzen\u00e9. Je to pro n\u011b jednodu\u0161\u0161\u00ed, pohodln\u011bj\u0161\u00ed a tak\u00e9 je to nakonec vyjde levn\u011bji ne\u017e za\u0159izovat pr\u00e1zdn\u00fd byt. I majitel\u00e9, kte\u0159\u00ed cht\u011bj\u00ed pronaj\u00edmat tento po\u017eadavek, zaznamenali, a sna\u017e\u00ed se popt\u00e1vaj\u00edc\u00edm vyj\u00edt vst\u0159\u00edc. \u0160anci naj\u00edt to prav\u00e9 m\u00e1 ka\u017ed\u00fd I j\u00e1 si pamatuji, jak bylo t\u011b\u017ek\u00e9 sehnat slu\u0161n\u00fd byt. Ode\u0161la jsme od rodi\u010d\u016f ve dvaceti letech a sna\u017eila se osamostatnit. Velmi by m\u011b v t\u00e9 dob\u011b pomohlo, kdyby u\u017e byt, kter\u00fd jsem cht\u011bla pronajmout, byl za\u0159\u00edzen\u00fd. Bylo velmi n\u00e1ro\u010dn\u00e9 sehnat n\u011bkoho, kdo mi pom\u016f\u017ee v\u0161e odn\u00e9st, sestavit, p\u0159\u00edpadn\u011b namontovat. Nem\u016f\u017ee to b\u00fdt tak jako p\u0159i hled\u00e1n\u00ed partnera. Zad\u00e1m parametry, co o\u010dek\u00e1v\u00e1m a po\u010d\u00edta\u010d mi nab\u00eddne ty spr\u00e1vn\u00e9 adresy. I obrazy na st\u011bn\u011b, kter\u00e9 by se mi l\u00edbily a po\u010det kv\u011btin.                                                                                                                                                                                                                                                                                                                                                                                        5\/5 - (1 vote)        "},{"@context":"https:\/\/schema.org\/","@type":"BreadcrumbList","itemListElement":[{"@type":"ListItem","position":1,"name":"Nov\u00fd trend","item":"https:\/\/www.bocnice.cz\/novy-trend\/#breadcrumbitem"}]}]