[{"@context":"https:\/\/schema.org\/","@type":"Article","@id":"https:\/\/www.bocnice.cz\/kvalitni-pc\/#Article","mainEntityOfPage":"https:\/\/www.bocnice.cz\/kvalitni-pc\/","headline":"Kvalitn\u00ed PC","name":"Kvalitn\u00ed PC","description":"U\u017e jako mal\u00e1 holka jsem si v\u017edycky p\u0159\u00e1la m\u00edt doma perfektn\u00ed po\u010d\u00edta\u010d. Jenom\u017ee jak v\u0161ichni &hellip; ","datePublished":"2023-02-07","dateModified":"2023-06-08","author":{"@type":"Person","@id":"https:\/\/www.bocnice.cz\/author\/#Person","name":"","url":"https:\/\/www.bocnice.cz\/author\/","identifier":1,"image":{"@type":"ImageObject","@id":"https:\/\/secure.gravatar.com\/avatar\/55e7fbc61e9322b6822dac9bb7a03f27da3135fab89e5bb0463eeaffc32ea652?s=96&d=mm&r=g","url":"https:\/\/secure.gravatar.com\/avatar\/55e7fbc61e9322b6822dac9bb7a03f27da3135fab89e5bb0463eeaffc32ea652?s=96&d=mm&r=g","height":96,"width":96}},"publisher":{"@type":"Organization","name":"bocnice.cz","logo":{"@type":"ImageObject","@id":"\/logo.png","url":"\/logo.png","width":600,"height":60}},"image":{"@type":"ImageObject","@id":"https:\/\/www.bocnice.cz\/wp-content\/uploads\/wordpress-923188_960_720_2.jpg","url":"https:\/\/www.bocnice.cz\/wp-content\/uploads\/wordpress-923188_960_720_2.jpg","height":0,"width":0},"url":"https:\/\/www.bocnice.cz\/kvalitni-pc\/","about":["PC"],"wordCount":448,"articleBody":"U\u017e jako mal\u00e1 holka jsem si v\u017edycky p\u0159\u00e1la m\u00edt doma perfektn\u00ed po\u010d\u00edta\u010d. Jenom\u017ee jak v\u0161ichni v\u00edme, tak ne ka\u017ed\u00e9 d\u00edt\u011b m\u011blo opravdu to velik\u00e9 \u0161t\u011bst\u00ed, \u017ee by mu rodi\u010de po\u0159\u00eddili n\u011bjak\u00fd po\u010d\u00edta\u010d. J\u00e1 jsem sice po\u010d\u00edta\u010d m\u011bla, asi kdy\u017e mi bylo deset let. A v\u011b\u0159te mi, \u017ee to nebyla \u017e\u00e1dn\u00e1 kr\u00e1sa a \u017e\u00e1dn\u00e1 kvalita. Proto\u017ee i ten oby\u010dejn\u00fd po\u010d\u00edta\u010d, kter\u00fd m\u011bl asi ka\u017ed\u00fd druh\u00fd doma, tak byl hodn\u011b zpomalen\u00e1. Tak\u017ee jsem si \u0159ekla, \u017ee ne\u017e abych m\u011bla n\u011bjak\u00fd star\u00fd po\u010d\u00edta\u010d a ukazovala ho kamar\u00e1d\u016fm, tak jsem si \u0159ekla, \u017ee si rad\u011bji na\u0161et\u0159\u00edm a sv\u016fj vlastn\u00ed po\u010d\u00edta\u010d. Nane\u0161t\u011bst\u00ed ale moji rodi\u010de nebyli takov\u00ed bohat\u00ed, aby mi po\u0159\u00eddili n\u011bjak\u00fd opravdu perfektn\u00ed po\u010d\u00edta\u010d. Ale jak se \u0159\u00edk\u00e1, tak na ka\u017ed\u00e9ho\u00a0jednou\u00a0dojde. Ale i tak rodi\u010de mi d\u00e1vali taky v\u00edce kapesn\u00e9ho ne\u017e ostatn\u00edm d\u011btem, ale zase byli hodn\u011b \u0161et\u0159iv\u00e1, tak\u017ee se\u00a0pen\u00edze\u00a0v\u0161em v\u017edycky vykompenzovali, co\u017e byla zase skv\u011bl\u00e1 v\u011bc. Tak\u017ee mi koupili z bazaru n\u011bjak\u00fd opravdu star\u00fd a o\u0161kliv\u00fd po\u010d\u00edta\u010d, ze za\u010d\u00e1tku\u00a0jsem\u00a0si\u00a0myslela, \u017ee je to vtip,\u00a0ale\u00a0nebyl. Bohu\u017eel k m\u00e9 sm\u016fle. Ale j\u00e1 jsem se s t\u00edm necht\u011bla sm\u00ed\u0159it. A v t\u00e9 dob\u011b stal pr\u016fm\u011brn\u00fd po\u010d\u00edta\u010d asi kolem deseti\u00a0tis\u00edc\u00a0korun. A j\u00e1 u\u017e ve dvan\u00e1cti letech jsem si u\u017e na\u0161et\u0159ila tolik pen\u011bz, bych si mohla koupit vlastn\u00ed po\u010d\u00edta\u010d. A v tomhle na\u0161t\u011bst\u00ed moji rodi\u010de byli zajedno, tak\u017ee mi ten po\u010d\u00edta\u010d dovolili.\u0158ekli mi, \u017ee kdy\u017e jsem si na n\u011bj na\u0161et\u0159ila sama, tak nen\u00ed v\u016fbec \u017e\u00e1dn\u00fd probl\u00e9m, abych si ho koupila za vlastn\u00ed pen\u00edze. Nav\u00edc moji rodi\u010de taky vlastn\u011b uv\u00edtali to, \u017ee jsem si u\u0161et\u0159ila sama pen\u00edze na to, tak v\u016fbec nem\u011bli \u017e\u00e1dn\u00e9 n\u00e1mitky, abych si ten po\u010d\u00edta\u010d koupila za vlastn\u00ed pen\u00edze. \u0160et\u0159ila jsem na n\u011bj rok a p\u016fl, tak\u017ee moji rodi\u010de uznali, \u017ee o tom nov\u00e9m kvalitn\u00edm po\u010d\u00edta\u010di sn\u00edm opravdu tak dlouho, kdy\u017e jsem si tak dlouho vydr\u017eela \u0161et\u0159it a nekoupila jsem si t\u0159eba \u017e\u00e1dn\u00e9 nov\u00e9 oble\u010den\u00ed. A to j\u00e1\u00a0jsem mimochodem\u00a0velk\u00e1\u00a0milovnice\u00a0m\u00f3dy!\u00a0Ale\u00a0pokud jde o po\u010d\u00edta\u010d, tak\u00a0jsem\u00a0zajedno. Po\u010d\u00edta\u010d\u00a0jednodu\u0161e\u00a0mus\u00ed b\u00fdt!\u00a0                                                                                                                                                                                                                                                                                                                                                                                        4.1\/5 - (8 votes)        "},{"@context":"https:\/\/schema.org\/","@type":"BreadcrumbList","itemListElement":[{"@type":"ListItem","position":1,"name":"Kvalitn\u00ed PC","item":"https:\/\/www.bocnice.cz\/kvalitni-pc\/#breadcrumbitem"}]}]